{"id":815,"date":"2020-09-25T23:58:22","date_gmt":"2020-09-25T23:58:22","guid":{"rendered":"http:\/\/saludenequipo.com\/?p=815"},"modified":"2021-06-18T16:30:11","modified_gmt":"2021-06-18T16:30:11","slug":"hipotesis-de-investigacion-deficiencia-de-glutation-y-muertes-por-covid-19","status":"publish","type":"post","link":"https:\/\/www.xn--vivetussueoshoy-7qb.com\/glutationparatodos\/sistema-inmunologico\/hipotesis-de-investigacion-deficiencia-de-glutation-y-muertes-por-covid-19\/","title":{"rendered":"Hip\u00f3tesis de investigaci\u00f3n: Deficiencia de glutati\u00f3n y muertes por COVID-19."},"content":{"rendered":"\n<p>Deficiencia end\u00f3gena de glutati\u00f3n como causa m\u00e1s probable de manifestaciones graves y muerte en pacientes con la infecci\u00f3n por el nuevo coronavirus (COVID-19): una hip\u00f3tesis basada en datos de la literatura y observaciones propias.<\/p>\n\n\n\n<p>Basado en un an\u00e1lisis exhaustivo de la literatura y observaciones propias, propuse la hip\u00f3tesis de que la deficiencia de glutati\u00f3n es exactamente la explicaci\u00f3n m\u00e1s plausible de la manifestaci\u00f3n grave y la muerte en pacientes infectados por COVID-19. Los principales factores de riesgo establecidos para la infecci\u00f3n grave por COVID-19 y la deficiencia relativa de glutati\u00f3n que se encuentran en pacientes infectados por COVID-19 con enfermedad de moderada a grave me han llevado a dos conclusiones muy importantes: (1) el estr\u00e9s oxidativo contribuye a la hiperinflamaci\u00f3n del pulm\u00f3n que conduce a resultados adversos de la enfermedad como s\u00edndrome de dificultad respiratoria aguda, insuficiencia multiorg\u00e1nica y muerte; (2) una defensa antioxidante deficiente debido a la deficiencia de glutati\u00f3n end\u00f3geno como resultado de una disminuci\u00f3n de la bios\u00edntesis y \/ o un mayor agotamiento de GSH es la causa m\u00e1s probable de un aumento del da\u00f1o oxidativo del pulm\u00f3n, independientemente de cu\u00e1les sean los factores envejecimiento, comorbilidad de enfermedades cr\u00f3nicas, tabaquismo o otros fueron los responsables de este d\u00e9ficit. La hip\u00f3tesis proporciona nuevos conocimientos sobre la etiolog\u00eda y los mecanismos responsables de las manifestaciones graves de la infecci\u00f3n por COVID-19 y justifica oportunidades prometedoras para el tratamiento eficaz y la prevenci\u00f3n de la enfermedad mediante la recuperaci\u00f3n del glutati\u00f3n con N-acetilciste\u00edna y glutati\u00f3n reducido.<\/p>\n\n\n\n<p>Fuente: <a href=\"https:\/\/www.researchgate.net\/publication\/340917045_Endogenous_deficiency_of_glutathione_as_the_most_likely_cause_of_serious_manifestations_and_death_in_patients_with_the_novel_coronavirus_infection_COVID-19_a_hypothesis_based_on_literature_data_and_ow\">https:\/\/www.researchgate.net\/publication\/340917045_Endogenous_deficiency_of_glutathione_as_the_most_likely_cause_of_serious_manifestations_and_death_in_patients_with_the_novel_coronavirus_infection_COVID-19_a_hypothesis_based_on_literature_data_and_ow<\/a><\/p>\n","protected":false},"excerpt":{"rendered":"<p>Deficiencia end\u00f3gena de glutati\u00f3n como causa m\u00e1s probable de manifestaciones graves y muerte en pacientes con la infecci\u00f3n por el nuevo coronavirus (COVID-19): una hip\u00f3tesis basada en datos de la literatura y observaciones propias.<\/p>\n","protected":false},"author":1,"featured_media":840,"comment_status":"closed","ping_status":"closed","sticky":false,"template":"","format":"standard","meta":{"footnotes":""},"categories":[56,44],"tags":[82,83,88],"jetpack_featured_media_url":"https:\/\/i0.wp.com\/www.xn--vivetussueoshoy-7qb.com\/glutationparatodos\/wp-content\/uploads\/2020\/09\/descarga-10.jpg?fit=1440%2C880&ssl=1","jetpack-related-posts":[],"jetpack_sharing_enabled":true,"_links":{"self":[{"href":"https:\/\/www.xn--vivetussueoshoy-7qb.com\/glutationparatodos\/wp-json\/wp\/v2\/posts\/815"}],"collection":[{"href":"https:\/\/www.xn--vivetussueoshoy-7qb.com\/glutationparatodos\/wp-json\/wp\/v2\/posts"}],"about":[{"href":"https:\/\/www.xn--vivetussueoshoy-7qb.com\/glutationparatodos\/wp-json\/wp\/v2\/types\/post"}],"author":[{"embeddable":true,"href":"https:\/\/www.xn--vivetussueoshoy-7qb.com\/glutationparatodos\/wp-json\/wp\/v2\/users\/1"}],"replies":[{"embeddable":true,"href":"https:\/\/www.xn--vivetussueoshoy-7qb.com\/glutationparatodos\/wp-json\/wp\/v2\/comments?post=815"}],"version-history":[{"count":1,"href":"https:\/\/www.xn--vivetussueoshoy-7qb.com\/glutationparatodos\/wp-json\/wp\/v2\/posts\/815\/revisions"}],"predecessor-version":[{"id":841,"href":"https:\/\/www.xn--vivetussueoshoy-7qb.com\/glutationparatodos\/wp-json\/wp\/v2\/posts\/815\/revisions\/841"}],"wp:featuredmedia":[{"embeddable":true,"href":"https:\/\/www.xn--vivetussueoshoy-7qb.com\/glutationparatodos\/wp-json\/wp\/v2\/media\/840"}],"wp:attachment":[{"href":"https:\/\/www.xn--vivetussueoshoy-7qb.com\/glutationparatodos\/wp-json\/wp\/v2\/media?parent=815"}],"wp:term":[{"taxonomy":"category","embeddable":true,"href":"https:\/\/www.xn--vivetussueoshoy-7qb.com\/glutationparatodos\/wp-json\/wp\/v2\/categories?post=815"},{"taxonomy":"post_tag","embeddable":true,"href":"https:\/\/www.xn--vivetussueoshoy-7qb.com\/glutationparatodos\/wp-json\/wp\/v2\/tags?post=815"}],"curies":[{"name":"wp","href":"https:\/\/api.w.org\/{rel}","templated":true}]}}